{"id":1674,"date":"2021-02-04T16:54:50","date_gmt":"2021-02-04T15:54:50","guid":{"rendered":"http:\/\/santiagoinlove.com\/fr\/?p=1674"},"modified":"2021-02-04T17:36:39","modified_gmt":"2021-02-04T16:36:39","slug":"priere-saint-jacques-fin-pandemie-covid","status":"publish","type":"post","link":"https:\/\/santiagoinlove.com\/fr\/priere-saint-jacques-fin-pandemie-covid\/","title":{"rendered":"Pri\u00e8re \u00e0 saint Jacques pour la fin de la pand\u00e9mie"},"content":{"rendered":"\n<p>Au-del\u00e0 des croyances, <strong>je vous invite \u00e0 un moment de pri\u00e8re pour des jours meilleurs<\/strong> avec l&rsquo;archev\u00eaque de Compostelle.<\/p>\n\n\n\n<!--more-->\n\n\n\n<p>En tant que p\u00e8lerins de Compostelle et au-del\u00e0 de nos croyances, <strong>saint Jacques est notre compagnon<\/strong>. Nous marchons vers lui, avec ou sans foi catholique ou m\u00eame chr\u00e9tienne. <strong>Son appel transcende les religions et parle directement \u00e0 nos \u00e2mes et nos c\u0153urs<\/strong>.<\/p>\n\n\n\n<p>Le Covid \u00e9branle nos vies en semant peine, douleur, peur et col\u00e8re. Les p\u00e8lerins et toute la communaut\u00e9 jacquaire n&rsquo;y \u00e9chappent pas! En ces temps difficiles, l&rsquo;archev\u00eaque de Compostelle Mgr Julian Barrio nous partage une <strong>pri\u00e8re pour la fin de la pand\u00e9mie<\/strong>.<\/p>\n\n\n\n\n\n<figure class=\"wp-block-image size-large\"><img loading=\"lazy\" width=\"1024\" height=\"663\" src=\"http:\/\/santiagoinlove.com\/fr\/wp-content\/uploads\/sites\/2\/2021\/02\/2021-Priere-1024x663.jpg\" alt=\"\" class=\"wp-image-1675\" srcset=\"https:\/\/santiagoinlove.com\/fr\/wp-content\/uploads\/sites\/2\/2021\/02\/2021-Priere-1024x663.jpg 1024w, https:\/\/santiagoinlove.com\/fr\/wp-content\/uploads\/sites\/2\/2021\/02\/2021-Priere-300x194.jpg 300w, https:\/\/santiagoinlove.com\/fr\/wp-content\/uploads\/sites\/2\/2021\/02\/2021-Priere-768x497.jpg 768w, https:\/\/santiagoinlove.com\/fr\/wp-content\/uploads\/sites\/2\/2021\/02\/2021-Priere-1536x994.jpg 1536w, https:\/\/santiagoinlove.com\/fr\/wp-content\/uploads\/sites\/2\/2021\/02\/2021-Priere.jpg 2024w\" sizes=\"(max-width: 1024px) 100vw, 1024px\" \/><figcaption><em>Par la Cath\u00e9drale de Compostelle<\/em><\/figcaption><\/figure>\n\n\n\n\n\n<h2 class=\"has-text-align-center\"><strong>Pri\u00e8re pour la fin de la pand\u00e9mie<\/strong><\/h2>\n\n\n\n<p class=\"has-text-align-center\">Ap\u00f4tre saint Jacques,<br>\u00e0 qui le Christ, \u00ab\u00a0Voie, V\u00e9rit\u00e9 et Vie\u00a0\u00bb<br>a montr\u00e9 sa pr\u00e9f\u00e9rence.<br>Tu \u00e9tais pr\u00e9sent avec Pierre et Jean<br>aux grands \u00e9v\u00e9nements de sa vie,<br>et tu as assist\u00e9 \u00e0 la gu\u00e9rison de tant de malades,<br>qu&rsquo;Il a accompli.<br>En toi il a trouv\u00e9 la volont\u00e9 de \u00ab\u00a0boire \u00e0 sa coupe\u00a0\u00bb,<br>toi qui est devenu le premier martyr des Ap\u00f4tres.<br>Comme Patron de l&rsquo;Espagne, nous demandons ton aide<br>pour ceux qui sont touch\u00e9s par le coronavirus;<br>force et connaissance pour les professionnels de la sant\u00e9;<br>lumi\u00e8re et sagesse pour ceux qui prennent les d\u00e9cisions;<br>et une proximit\u00e9 g\u00e9n\u00e9reuse pour tout ceux<br>qui offrent leur aide.<br>Nous pla\u00e7ons toute cette situation dans les mains maternelles<br>de Notre-Dame de la Sant\u00e9.<br>Et toi, en tant qu&rsquo;ami du Seigneur, <br>accompagne les d\u00e9funts au Portique de la Gloire<br>et interc\u00e8de pour nous aupr\u00e8s de Lui<br>pour que nous soyons d\u00e9livr\u00e9s de cette pand\u00e9mie.<br>Amen<\/p>\n\n\n\n<p class=\"has-text-align-center\"><strong>Mgr Julian Barrio<br>Archev\u00eaque de Saint-Jacques-de-Compostelle<\/strong><\/p>\n\n\n\n\n\n<hr class=\"wp-block-separator has-text-color has-background has-black-background-color has-black-color\"\/>\n\n\n\n<p><strong>Au-del\u00e0 des croyances<\/strong> individuelles de chacune et chacun, je vous invite \u00e0 ce moment de pri\u00e8re. Tous les p\u00e8lerins de Compostelle n&rsquo;ont pas forc\u00e9ment une foi catholique ou chr\u00e9tienne&#8230; certains y sont m\u00eame allergiques! Changez cette pri\u00e8re propos\u00e9e par Mgr Barrio, inventez la v\u00f4tre&#8230; <strong>Cela n&rsquo;a pas d&rsquo;importance<\/strong>.<\/p>\n\n\n\n<p class=\"has-text-align-center\">\u00ab\u00a0<strong>La pri\u00e8re, c&rsquo;est un \u00e9lan du c\u0153ur<\/strong>\u00a0\u00bb ~ Sainte Th\u00e9r\u00e8se de Lisieux<\/p>\n\n\n\n<p><strong>Nous avons tous un c\u0153ur<\/strong>, joignons-les pour un instant. <strong>Adressons-nous \u00e0 saint Jacques<\/strong> comme nous le faisons sur les Chemins pour nos donner du courage. Adressons-nous \u00e0 lui comme \u00e0 un m\u00e9diateur entre nous et ce qui nous d\u00e9passe.<\/p>\n\n\n\n<p class=\"has-text-align-center\"><strong>Je vous souhaite d&rsquo;\u00eatre en bonne sant\u00e9 et de parcourir bient\u00f4t les Chemins!<br>Prenez soin de vous!<\/strong><\/p>\n","protected":false},"excerpt":{"rendered":"<p>Au-del\u00e0 des croyances, je vous invite \u00e0 un moment de pri\u00e8re pour des jours meilleurs avec l&rsquo;archev\u00eaque de Compostelle.<\/p>\n","protected":false},"author":1,"featured_media":1675,"comment_status":"open","ping_status":"open","sticky":false,"template":"","format":"standard","meta":{"_mi_skip_tracking":false,"_monsterinsights_sitenote_active":false,"_monsterinsights_sitenote_note":"","_monsterinsights_sitenote_category":0},"categories":[221],"tags":[109,327,328,363,265,324,364,281],"yoast_head":"<!-- This site is optimized with the Yoast SEO plugin v18.3 - https:\/\/yoast.com\/wordpress\/plugins\/seo\/ -->\n<title>Pri\u00e8re \u00e0 saint Jacques pour la fin de la pand\u00e9mie - Santiago in Love<\/title>\n<meta name=\"description\" content=\"Mgr Barrio nous invite un moment de pri\u00e8re. Avec lui, demandons \u00e0 saint Jacques de nous aider \u00e0 traverser la pand\u00e9mie du Covid.\" \/>\n<meta name=\"robots\" content=\"index, follow, max-snippet:-1, max-image-preview:large, max-video-preview:-1\" \/>\n<link rel=\"canonical\" href=\"https:\/\/santiagoinlove.com\/fr\/priere-saint-jacques-fin-pandemie-covid\/\" \/>\n<meta property=\"og:locale\" content=\"fr_FR\" \/>\n<meta property=\"og:type\" content=\"article\" \/>\n<meta property=\"og:title\" content=\"Pri\u00e8re \u00e0 saint Jacques pour la fin de la pand\u00e9mie - Santiago in Love\" \/>\n<meta property=\"og:description\" content=\"Mgr Barrio nous invite un moment de pri\u00e8re. Avec lui, demandons \u00e0 saint Jacques de nous aider \u00e0 traverser la pand\u00e9mie du Covid.\" \/>\n<meta property=\"og:url\" content=\"https:\/\/santiagoinlove.com\/fr\/priere-saint-jacques-fin-pandemie-covid\/\" \/>\n<meta property=\"og:site_name\" content=\"Santiago in Love\" \/>\n<meta property=\"article:publisher\" content=\"https:\/\/www.facebook.com\/profile.php?id=100013299885604\" \/>\n<meta property=\"article:author\" content=\"https:\/\/www.facebook.com\/profile.php?id=100013299885604\" \/>\n<meta property=\"article:published_time\" content=\"2021-02-04T15:54:50+00:00\" \/>\n<meta property=\"article:modified_time\" content=\"2021-02-04T16:36:39+00:00\" \/>\n<meta property=\"og:image\" content=\"https:\/\/santiagoinlove.com\/fr\/wp-content\/uploads\/sites\/2\/2021\/02\/2021-Priere.jpg\" \/>\n\t<meta property=\"og:image:width\" content=\"2024\" \/>\n\t<meta property=\"og:image:height\" content=\"1310\" \/>\n\t<meta property=\"og:image:type\" content=\"image\/jpeg\" \/>\n<meta name=\"twitter:card\" content=\"summary\" \/>\n<meta name=\"twitter:creator\" content=\"@Santiago_InLove\" \/>\n<meta name=\"twitter:site\" content=\"@Santiago_InLove\" \/>\n<meta name=\"twitter:label1\" content=\"\u00c9crit par\" \/>\n\t<meta name=\"twitter:data1\" content=\"Marion\" \/>\n\t<meta name=\"twitter:label2\" content=\"Dur\u00e9e de lecture estim\u00e9e\" \/>\n\t<meta name=\"twitter:data2\" content=\"2 minutes\" \/>\n<script type=\"application\/ld+json\" class=\"yoast-schema-graph\">{\"@context\":\"https:\/\/schema.org\",\"@graph\":[{\"@type\":\"WebSite\",\"@id\":\"https:\/\/santiagoinlove.com\/fr\/#website\",\"url\":\"https:\/\/santiagoinlove.com\/fr\/\",\"name\":\"Santiago in Love\",\"description\":\"100% Compostelle, le Chemin au Coeur\",\"potentialAction\":[{\"@type\":\"SearchAction\",\"target\":{\"@type\":\"EntryPoint\",\"urlTemplate\":\"https:\/\/santiagoinlove.com\/fr\/?s={search_term_string}\"},\"query-input\":\"required name=search_term_string\"}],\"inLanguage\":\"fr-FR\"},{\"@type\":\"ImageObject\",\"@id\":\"https:\/\/santiagoinlove.com\/fr\/priere-saint-jacques-fin-pandemie-covid\/#primaryimage\",\"inLanguage\":\"fr-FR\",\"url\":\"https:\/\/santiagoinlove.com\/fr\/wp-content\/uploads\/sites\/2\/2021\/02\/2021-Priere.jpg\",\"contentUrl\":\"https:\/\/santiagoinlove.com\/fr\/wp-content\/uploads\/sites\/2\/2021\/02\/2021-Priere.jpg\",\"width\":2024,\"height\":1310,\"caption\":\"pri\u00e8re pour la fin de la pand\u00e9mie - Mgr Barrio - Cath\u00e9drale de Compostelle\"},{\"@type\":\"WebPage\",\"@id\":\"https:\/\/santiagoinlove.com\/fr\/priere-saint-jacques-fin-pandemie-covid\/#webpage\",\"url\":\"https:\/\/santiagoinlove.com\/fr\/priere-saint-jacques-fin-pandemie-covid\/\",\"name\":\"Pri\u00e8re \u00e0 saint Jacques pour la fin de la pand\u00e9mie - Santiago in Love\",\"isPartOf\":{\"@id\":\"https:\/\/santiagoinlove.com\/fr\/#website\"},\"primaryImageOfPage\":{\"@id\":\"https:\/\/santiagoinlove.com\/fr\/priere-saint-jacques-fin-pandemie-covid\/#primaryimage\"},\"datePublished\":\"2021-02-04T15:54:50+00:00\",\"dateModified\":\"2021-02-04T16:36:39+00:00\",\"author\":{\"@id\":\"https:\/\/santiagoinlove.com\/fr\/#\/schema\/person\/782877e7057b7c5ad206bbf8bbf76531\"},\"description\":\"Mgr Barrio nous invite un moment de pri\u00e8re. Avec lui, demandons \u00e0 saint Jacques de nous aider \u00e0 traverser la pand\u00e9mie du Covid.\",\"breadcrumb\":{\"@id\":\"https:\/\/santiagoinlove.com\/fr\/priere-saint-jacques-fin-pandemie-covid\/#breadcrumb\"},\"inLanguage\":\"fr-FR\",\"potentialAction\":[{\"@type\":\"ReadAction\",\"target\":[\"https:\/\/santiagoinlove.com\/fr\/priere-saint-jacques-fin-pandemie-covid\/\"]}]},{\"@type\":\"BreadcrumbList\",\"@id\":\"https:\/\/santiagoinlove.com\/fr\/priere-saint-jacques-fin-pandemie-covid\/#breadcrumb\",\"itemListElement\":[{\"@type\":\"ListItem\",\"position\":1,\"name\":\"Accueil\",\"item\":\"https:\/\/santiagoinlove.com\/fr\/\"},{\"@type\":\"ListItem\",\"position\":2,\"name\":\"Pri\u00e8re \u00e0 saint Jacques pour la fin de la pand\u00e9mie\"}]},{\"@type\":\"Person\",\"@id\":\"https:\/\/santiagoinlove.com\/fr\/#\/schema\/person\/782877e7057b7c5ad206bbf8bbf76531\",\"name\":\"Marion\",\"image\":{\"@type\":\"ImageObject\",\"@id\":\"https:\/\/santiagoinlove.com\/fr\/#personlogo\",\"inLanguage\":\"fr-FR\",\"url\":\"https:\/\/secure.gravatar.com\/avatar\/4f147b6d68b28586d57ecffe76d191a2?s=96&d=mm&r=g\",\"contentUrl\":\"https:\/\/secure.gravatar.com\/avatar\/4f147b6d68b28586d57ecffe76d191a2?s=96&d=mm&r=g\",\"caption\":\"Marion\"},\"sameAs\":[\"https:\/\/www.facebook.com\/profile.php?id=100013299885604\",\"https:\/\/twitter.com\/Santiago_InLove\"],\"url\":\"https:\/\/santiagoinlove.com\/fr\/author\/marion-santiago11\/\"}]}<\/script>\n<!-- \/ Yoast SEO plugin. -->","yoast_head_json":{"title":"Pri\u00e8re \u00e0 saint Jacques pour la fin de la pand\u00e9mie - Santiago in Love","description":"Mgr Barrio nous invite un moment de pri\u00e8re. Avec lui, demandons \u00e0 saint Jacques de nous aider \u00e0 traverser la pand\u00e9mie du Covid.","robots":{"index":"index","follow":"follow","max-snippet":"max-snippet:-1","max-image-preview":"max-image-preview:large","max-video-preview":"max-video-preview:-1"},"canonical":"https:\/\/santiagoinlove.com\/fr\/priere-saint-jacques-fin-pandemie-covid\/","og_locale":"fr_FR","og_type":"article","og_title":"Pri\u00e8re \u00e0 saint Jacques pour la fin de la pand\u00e9mie - Santiago in Love","og_description":"Mgr Barrio nous invite un moment de pri\u00e8re. Avec lui, demandons \u00e0 saint Jacques de nous aider \u00e0 traverser la pand\u00e9mie du Covid.","og_url":"https:\/\/santiagoinlove.com\/fr\/priere-saint-jacques-fin-pandemie-covid\/","og_site_name":"Santiago in Love","article_publisher":"https:\/\/www.facebook.com\/profile.php?id=100013299885604","article_author":"https:\/\/www.facebook.com\/profile.php?id=100013299885604","article_published_time":"2021-02-04T15:54:50+00:00","article_modified_time":"2021-02-04T16:36:39+00:00","og_image":[{"width":2024,"height":1310,"url":"https:\/\/santiagoinlove.com\/fr\/wp-content\/uploads\/sites\/2\/2021\/02\/2021-Priere.jpg","type":"image\/jpeg"}],"twitter_card":"summary","twitter_creator":"@Santiago_InLove","twitter_site":"@Santiago_InLove","twitter_misc":{"\u00c9crit par":"Marion","Dur\u00e9e de lecture estim\u00e9e":"2 minutes"},"schema":{"@context":"https:\/\/schema.org","@graph":[{"@type":"WebSite","@id":"https:\/\/santiagoinlove.com\/fr\/#website","url":"https:\/\/santiagoinlove.com\/fr\/","name":"Santiago in Love","description":"100% Compostelle, le Chemin au Coeur","potentialAction":[{"@type":"SearchAction","target":{"@type":"EntryPoint","urlTemplate":"https:\/\/santiagoinlove.com\/fr\/?s={search_term_string}"},"query-input":"required name=search_term_string"}],"inLanguage":"fr-FR"},{"@type":"ImageObject","@id":"https:\/\/santiagoinlove.com\/fr\/priere-saint-jacques-fin-pandemie-covid\/#primaryimage","inLanguage":"fr-FR","url":"https:\/\/santiagoinlove.com\/fr\/wp-content\/uploads\/sites\/2\/2021\/02\/2021-Priere.jpg","contentUrl":"https:\/\/santiagoinlove.com\/fr\/wp-content\/uploads\/sites\/2\/2021\/02\/2021-Priere.jpg","width":2024,"height":1310,"caption":"pri\u00e8re pour la fin de la pand\u00e9mie - Mgr Barrio - Cath\u00e9drale de Compostelle"},{"@type":"WebPage","@id":"https:\/\/santiagoinlove.com\/fr\/priere-saint-jacques-fin-pandemie-covid\/#webpage","url":"https:\/\/santiagoinlove.com\/fr\/priere-saint-jacques-fin-pandemie-covid\/","name":"Pri\u00e8re \u00e0 saint Jacques pour la fin de la pand\u00e9mie - Santiago in Love","isPartOf":{"@id":"https:\/\/santiagoinlove.com\/fr\/#website"},"primaryImageOfPage":{"@id":"https:\/\/santiagoinlove.com\/fr\/priere-saint-jacques-fin-pandemie-covid\/#primaryimage"},"datePublished":"2021-02-04T15:54:50+00:00","dateModified":"2021-02-04T16:36:39+00:00","author":{"@id":"https:\/\/santiagoinlove.com\/fr\/#\/schema\/person\/782877e7057b7c5ad206bbf8bbf76531"},"description":"Mgr Barrio nous invite un moment de pri\u00e8re. Avec lui, demandons \u00e0 saint Jacques de nous aider \u00e0 traverser la pand\u00e9mie du Covid.","breadcrumb":{"@id":"https:\/\/santiagoinlove.com\/fr\/priere-saint-jacques-fin-pandemie-covid\/#breadcrumb"},"inLanguage":"fr-FR","potentialAction":[{"@type":"ReadAction","target":["https:\/\/santiagoinlove.com\/fr\/priere-saint-jacques-fin-pandemie-covid\/"]}]},{"@type":"BreadcrumbList","@id":"https:\/\/santiagoinlove.com\/fr\/priere-saint-jacques-fin-pandemie-covid\/#breadcrumb","itemListElement":[{"@type":"ListItem","position":1,"name":"Accueil","item":"https:\/\/santiagoinlove.com\/fr\/"},{"@type":"ListItem","position":2,"name":"Pri\u00e8re \u00e0 saint Jacques pour la fin de la pand\u00e9mie"}]},{"@type":"Person","@id":"https:\/\/santiagoinlove.com\/fr\/#\/schema\/person\/782877e7057b7c5ad206bbf8bbf76531","name":"Marion","image":{"@type":"ImageObject","@id":"https:\/\/santiagoinlove.com\/fr\/#personlogo","inLanguage":"fr-FR","url":"https:\/\/secure.gravatar.com\/avatar\/4f147b6d68b28586d57ecffe76d191a2?s=96&d=mm&r=g","contentUrl":"https:\/\/secure.gravatar.com\/avatar\/4f147b6d68b28586d57ecffe76d191a2?s=96&d=mm&r=g","caption":"Marion"},"sameAs":["https:\/\/www.facebook.com\/profile.php?id=100013299885604","https:\/\/twitter.com\/Santiago_InLove"],"url":"https:\/\/santiagoinlove.com\/fr\/author\/marion-santiago11\/"}]}},"_links":{"self":[{"href":"https:\/\/santiagoinlove.com\/fr\/wp-json\/wp\/v2\/posts\/1674"}],"collection":[{"href":"https:\/\/santiagoinlove.com\/fr\/wp-json\/wp\/v2\/posts"}],"about":[{"href":"https:\/\/santiagoinlove.com\/fr\/wp-json\/wp\/v2\/types\/post"}],"author":[{"embeddable":true,"href":"https:\/\/santiagoinlove.com\/fr\/wp-json\/wp\/v2\/users\/1"}],"replies":[{"embeddable":true,"href":"https:\/\/santiagoinlove.com\/fr\/wp-json\/wp\/v2\/comments?post=1674"}],"version-history":[{"count":3,"href":"https:\/\/santiagoinlove.com\/fr\/wp-json\/wp\/v2\/posts\/1674\/revisions"}],"predecessor-version":[{"id":1678,"href":"https:\/\/santiagoinlove.com\/fr\/wp-json\/wp\/v2\/posts\/1674\/revisions\/1678"}],"wp:featuredmedia":[{"embeddable":true,"href":"https:\/\/santiagoinlove.com\/fr\/wp-json\/wp\/v2\/media\/1675"}],"wp:attachment":[{"href":"https:\/\/santiagoinlove.com\/fr\/wp-json\/wp\/v2\/media?parent=1674"}],"wp:term":[{"taxonomy":"category","embeddable":true,"href":"https:\/\/santiagoinlove.com\/fr\/wp-json\/wp\/v2\/categories?post=1674"},{"taxonomy":"post_tag","embeddable":true,"href":"https:\/\/santiagoinlove.com\/fr\/wp-json\/wp\/v2\/tags?post=1674"}],"curies":[{"name":"wp","href":"https:\/\/api.w.org\/{rel}","templated":true}]}}